{"id":5826,"date":"2025-06-20T11:40:27","date_gmt":"2025-06-20T03:40:27","guid":{"rendered":"https:\/\/www.bioleaderpack.com\/?p=5826"},"modified":"2025-09-07T10:56:19","modified_gmt":"2025-09-07T02:56:19","slug":"interdiction-des-plastiques-a-usage-unique-en-colombie-consequences-pour-la-conformite-des-emballages-alimentaires-et-linnovation-en-matiere-de-compostage","status":"publish","type":"post","link":"https:\/\/www.bioleaderpack.com\/fr\/interdiction-des-plastiques-a-usage-unique-en-colombie-consequences-pour-la-conformite-des-emballages-alimentaires-et-linnovation-en-matiere-de-compostage\/","title":{"rendered":"L'interdiction des plastiques \u00e0 usage unique en Colombie : Ce que cela signifie pour l'emballage alimentaire, la conformit\u00e9 et l'innovation en mati\u00e8re de compostage"},"content":{"rendered":"<h2 data-start=\"148\" data-end=\"204\">La Colombie fait un pas audacieux vers un avenir sans plastique<\/h2>\n<p data-start=\"206\" data-end=\"498\">Dans le cadre d'une initiative ambitieuse qui la place en t\u00eate de nombreux pays de la r\u00e9gion, la Colombie s'appr\u00eate \u00e0 appliquer une interdiction de grande envergure des plastiques \u00e0 usage unique \u00e0 compter du 7 juillet 2024. Cette l\u00e9gislation fera de la Colombie l'un des pays les plus progressistes d'Am\u00e9rique latine en mati\u00e8re de lutte contre la pollution plastique.<\/p>\n<p data-start=\"500\" data-end=\"786\">La loi vise une large gamme de produits en plastique jetables utilis\u00e9s dans la restauration, le commerce de d\u00e9tail et la consommation quotidienne. Il est important de noter qu'elle fournit une feuille de route pour l'\u00e9limination totale des plastiques non conformes d'ici \u00e0 2030, ouvrant ainsi la voie \u00e0 la domination du march\u00e9 par les emballages compostables et r\u00e9utilisables.<\/p>\n<p data-start=\"788\" data-end=\"1045\">Cela repr\u00e9sente \u00e0 la fois un d\u00e9fi et une vaste opportunit\u00e9 pour les entreprises qui utilisent des contenants alimentaires, des gobelets, des couverts et des emballages en plastique. Pour les fabricants et les fournisseurs tourn\u00e9s vers l'avenir, ce changement est le signal d'un feu vert pour des solutions de remplacement compostables et \u00e9volutives.<\/p>\n<hr data-start=\"1047\" data-end=\"1050\" \/>\n<h2 data-start=\"1052\" data-end=\"1116\">La politique en un coup d'\u0153il - Calendrier, champ d'application et mise en \u0153uvre<\/h2>\n<p data-start=\"1118\" data-end=\"1273\">La loi colombienne a \u00e9t\u00e9 adopt\u00e9e dans le cadre de la \"loi 2232\" de 2022, et certains produits seront interdits \u00e0 partir de la mi-2024. Voici ce qu'il faut savoir :<\/p>\n<ul data-start=\"1275\" data-end=\"1722\">\n<li data-start=\"1275\" data-end=\"1309\">\n<p data-start=\"1277\" data-end=\"1309\"><strong data-start=\"1277\" data-end=\"1295\">Date d'entr\u00e9e en vigueur<\/strong>: 7 juillet 2024<\/p>\n<\/li>\n<li data-start=\"1310\" data-end=\"1564\">\n<p data-start=\"1312\" data-end=\"1337\"><strong data-start=\"1312\" data-end=\"1336\">Les articles interdits sont les suivants<\/strong>:<\/p>\n<ul data-start=\"1340\" data-end=\"1564\">\n<li data-start=\"1340\" data-end=\"1373\">\n<p data-start=\"1342\" data-end=\"1373\">Sacs en plastique (moins de 50 microns)<\/p>\n<\/li>\n<li data-start=\"1376\" data-end=\"1392\">\n<p data-start=\"1378\" data-end=\"1392\">Pailles en plastique<\/p>\n<\/li>\n<li data-start=\"1395\" data-end=\"1439\">\n<p data-start=\"1397\" data-end=\"1439\">Couverts \u00e0 usage unique (fourchettes, cuill\u00e8res, couteaux)<\/p>\n<\/li>\n<li data-start=\"1442\" data-end=\"1471\">\n<p data-start=\"1444\" data-end=\"1471\">Agitateurs et assiettes en plastique<\/p>\n<\/li>\n<li data-start=\"1474\" data-end=\"1507\">\n<p data-start=\"1476\" data-end=\"1507\">Coton-tiges avec tige en plastique<\/p>\n<\/li>\n<li data-start=\"1510\" data-end=\"1564\">\n<p data-start=\"1512\" data-end=\"1564\">Contenants alimentaires en polystyr\u00e8ne expans\u00e9 (EPS\/Styrofoam)<\/p>\n<\/li>\n<\/ul>\n<\/li>\n<li data-start=\"1565\" data-end=\"1722\">\n<p data-start=\"1567\" data-end=\"1656\"><strong data-start=\"1567\" data-end=\"1578\">D'ici \u00e0 2030<\/strong>, tous les autres <a href=\"https:\/\/www.bioleaderpack.com\/fr\/choix-ecologiques-emballages-en-plastique-et-emballages-en-papier-expliques\/\" target=\"_blank\" rel=\"noopener\" data-wpil-monitor-id=\"1501\">emballage en plastique<\/a> et les articles de restauration doivent l'\u00eatre :<\/p>\n<ul data-start=\"1659\" data-end=\"1722\">\n<li data-start=\"1659\" data-end=\"1673\">\n<p data-start=\"1661\" data-end=\"1673\"><strong data-start=\"1661\" data-end=\"1673\">R\u00e9utilisable<\/strong><\/p>\n<\/li>\n<li data-start=\"1676\" data-end=\"1692\">\n<p data-start=\"1678\" data-end=\"1692\"><strong data-start=\"1678\" data-end=\"1692\">Recyclable<\/strong><\/p>\n<\/li>\n<li data-start=\"1695\" data-end=\"1722\">\n<p data-start=\"1697\" data-end=\"1722\"><strong data-start=\"1697\" data-end=\"1722\">Certifi\u00e9 compostable<\/strong><\/p>\n<\/li>\n<\/ul>\n<\/li>\n<\/ul>\n<p data-start=\"1724\" data-end=\"1929\">La loi sera appliqu\u00e9e par le biais de restrictions \u00e0 l'importation, d'inspections par les agences de r\u00e9gulation et d'amendes en cas de non-respect. Les autorit\u00e9s municipales joueront un r\u00f4le cl\u00e9 dans le contr\u00f4le du respect de la loi au niveau local.<\/p>\n<figure id=\"attachment_5827\" aria-describedby=\"caption-attachment-5827\" style=\"width: 800px\" class=\"wp-caption alignnone\"><img fetchpriority=\"high\" decoding=\"async\" class=\"size-large wp-image-5827\" title=\"interdiction des plastiques \u00e0 usage unique\" src=\"https:\/\/www.bioleaderpack.com\/wp-content\/uploads\/2025\/06\/single-use-plastics-ban-1024x683.jpg\" alt=\"interdiction des plastiques \u00e0 usage unique\" width=\"800\" height=\"534\" srcset=\"https:\/\/www.bioleaderpack.com\/wp-content\/uploads\/2025\/06\/single-use-plastics-ban-1024x683.jpg.webp 1024w, https:\/\/www.bioleaderpack.com\/wp-content\/uploads\/2025\/06\/single-use-plastics-ban-1200x800.jpg 1200w, https:\/\/www.bioleaderpack.com\/wp-content\/uploads\/2025\/06\/single-use-plastics-ban-300x200.jpg.webp 300w, https:\/\/www.bioleaderpack.com\/wp-content\/uploads\/2025\/06\/single-use-plastics-ban-768x512.jpg.webp 768w, https:\/\/www.bioleaderpack.com\/wp-content\/uploads\/2025\/06\/single-use-plastics-ban-1536x1024.jpg.webp 1536w, https:\/\/www.bioleaderpack.com\/wp-content\/uploads\/2025\/06\/single-use-plastics-ban-18x12.jpg.webp 18w, https:\/\/www.bioleaderpack.com\/wp-content\/uploads\/2025\/06\/single-use-plastics-ban-600x400.jpg 600w, https:\/\/www.bioleaderpack.com\/wp-content\/uploads\/2025\/06\/single-use-plastics-ban.jpg.webp 1800w\" sizes=\"(max-width: 800px) 100vw, 800px\" \/><figcaption id=\"caption-attachment-5827\" class=\"wp-caption-text\">interdiction des plastiques \u00e0 usage unique<\/figcaption><\/figure>\n<hr data-start=\"1931\" data-end=\"1934\" \/>\n<h2 data-start=\"1936\" data-end=\"2001\">Pourquoi l'interdiction colombienne est-elle diff\u00e9rente ?<\/h2>\n<p data-start=\"2003\" data-end=\"2258\">Contrairement aux interdictions fragmentaires observ\u00e9es dans d'autres pays, la l\u00e9gislation colombienne d\u00e9finit une approche globale de la protection de l'environnement. <strong data-start=\"2075\" data-end=\"2103\">une transition claire et progressive<\/strong> vers un \u00e9cosyst\u00e8me durable de l'emballage. Il ne se contente pas de restreindre les mat\u00e9riaux nocifs, mais encourage \u00e9galement les investissements dans des solutions de remplacement respectueuses de l'environnement.<\/p>\n<p data-start=\"2260\" data-end=\"2358\">Compar\u00e9e \u00e0 l'interdiction des restaurants au Chili ou \u00e0 la r\u00e9glementation en cours au P\u00e9rou, la politique colombienne est.. :<\/p>\n<ul data-start=\"2359\" data-end=\"2481\">\n<li data-start=\"2359\" data-end=\"2381\">\n<p data-start=\"2361\" data-end=\"2381\"><strong data-start=\"2361\" data-end=\"2372\">Plus large<\/strong> dans le champ d'application<\/p>\n<\/li>\n<li data-start=\"2382\" data-end=\"2418\">\n<p data-start=\"2384\" data-end=\"2418\"><strong data-start=\"2384\" data-end=\"2418\">Soutenu par l'application nationale<\/strong><\/p>\n<\/li>\n<li data-start=\"2419\" data-end=\"2481\">\n<p data-start=\"2421\" data-end=\"2481\"><strong data-start=\"2421\" data-end=\"2481\">L'objectif est de remplacer les plastiques, et non pas seulement de les \u00e9liminer.<\/strong><\/p>\n<\/li>\n<\/ul>\n<p data-start=\"2483\" data-end=\"2651\">Cela ouvre la voie aux producteurs d'emballages compostables certifi\u00e9s, en particulier \u00e0 ceux qui proposent des emballages compostables. <strong data-start=\"2588\" data-end=\"2650\">des alternatives enti\u00e8rement test\u00e9es, s\u00fbres sur le plan alimentaire et conformes aux normes d'exportation<\/strong>.<\/p>\n<hr data-start=\"2653\" data-end=\"2656\" \/>\n<h2 data-start=\"2658\" data-end=\"2706\">Impact sur la restauration, le commerce de d\u00e9tail et l'\u00e9v\u00e9nementiel<\/h2>\n<p data-start=\"2708\" data-end=\"2781\">Des vendeurs ambulants aux stades, l'interdiction aura des cons\u00e9quences consid\u00e9rables :<\/p>\n<ul data-start=\"2783\" data-end=\"3251\">\n<li data-start=\"2783\" data-end=\"2890\">\n<p data-start=\"2785\" data-end=\"2890\"><strong data-start=\"2785\" data-end=\"2816\">Restaurants et food trucks<\/strong> doivent trouver des solutions de remplacement aux plateaux en polystyr\u00e8ne expans\u00e9, <a href=\"https:\/\/www.bioleaderpack.com\/fr\/produit\/fourchettes-cuilleres-en-plastique-biodegradable\/\" target=\"_blank\" rel=\"noopener\" data-wpil-monitor-id=\"1502\">fourches en plastique<\/a>et les r\u00e9cipients \u00e0 sauce.<\/p>\n<\/li>\n<li data-start=\"2891\" data-end=\"2985\">\n<p data-start=\"2893\" data-end=\"2985\"><strong data-start=\"2893\" data-end=\"2927\">Supermarch\u00e9s et applications de livraison<\/strong> ne peut plus compter sur les sacs, sachets ou ustensiles en plastique.<\/p>\n<\/li>\n<li data-start=\"2986\" data-end=\"3140\">\n<p data-start=\"2988\" data-end=\"3140\"><strong data-start=\"2988\" data-end=\"3012\">\u00c9v\u00e9nements et festivals<\/strong>-une partie importante de la culture colombienne - aura besoin de vaisselle compostable certifi\u00e9e et fournie en vrac pour le service des aliments et des boissons.<\/p>\n<\/li>\n<li data-start=\"3141\" data-end=\"3251\">\n<p data-start=\"3143\" data-end=\"3251\"><strong data-start=\"3143\" data-end=\"3186\">H\u00f4pitaux, \u00e9coles et cantines publiques<\/strong> devront adopter des solutions d'emballage conformes \u00e0 la l\u00e9gislation.<\/p>\n<\/li>\n<\/ul>\n<figure id=\"attachment_3388\" aria-describedby=\"caption-attachment-3388\" style=\"width: 800px\" class=\"wp-caption alignnone\"><img decoding=\"async\" class=\"wp-image-3388\" title=\"R\u00e9cipients alimentaires jetables \u00e9cologiques\" src=\"https:\/\/www.bioleaderpack.com\/wp-content\/uploads\/2024\/12\/Eco-Friendly-Disposable-Food-Containers.png\" alt=\"R\u00e9cipients alimentaires jetables \u00e9cologiques R\u00e9cipients de repas jetables\" width=\"800\" height=\"799\" srcset=\"https:\/\/www.bioleaderpack.com\/wp-content\/uploads\/2024\/12\/Eco-Friendly-Disposable-Food-Containers.png.webp 814w, https:\/\/www.bioleaderpack.com\/wp-content\/uploads\/2024\/12\/Eco-Friendly-Disposable-Food-Containers-150x150.png.webp 150w, https:\/\/www.bioleaderpack.com\/wp-content\/uploads\/2024\/12\/Eco-Friendly-Disposable-Food-Containers-300x300.png.webp 300w, https:\/\/www.bioleaderpack.com\/wp-content\/uploads\/2024\/12\/Eco-Friendly-Disposable-Food-Containers-768x767.png.webp 768w, https:\/\/www.bioleaderpack.com\/wp-content\/uploads\/2024\/12\/Eco-Friendly-Disposable-Food-Containers-12x12.png.webp 12w, https:\/\/www.bioleaderpack.com\/wp-content\/uploads\/2024\/12\/Eco-Friendly-Disposable-Food-Containers-600x599.png 600w, https:\/\/www.bioleaderpack.com\/wp-content\/uploads\/2024\/12\/Eco-Friendly-Disposable-Food-Containers-100x100.png 100w\" sizes=\"(max-width: 800px) 100vw, 800px\" \/><figcaption id=\"caption-attachment-3388\" class=\"wp-caption-text\">R\u00e9cipients alimentaires respectueux de l'environnement<\/figcaption><\/figure>\n<hr data-start=\"3253\" data-end=\"3256\" \/>\n<h2 data-start=\"3258\" data-end=\"3295\">Produits compostables : La voie \u00e0 suivre<\/h2>\n<p data-start=\"3297\" data-end=\"3368\">La politique colombienne ne se contente pas d'interdire les plastiques, elle d\u00e9finit l'avenir.<\/p>\n<p data-start=\"3370\" data-end=\"3421\">Pour \u00eatre conformes, les produits compostables doivent :<\/p>\n<ul data-start=\"3422\" data-end=\"3746\">\n<li data-start=\"3422\" data-end=\"3508\">\n<p data-start=\"3424\" data-end=\"3508\"><strong data-start=\"3424\" data-end=\"3508\">Se d\u00e9composent dans un d\u00e9lai pr\u00e9cis dans des conditions de compostage industriel ou domestique.<\/strong><\/p>\n<\/li>\n<li data-start=\"3509\" data-end=\"3604\">\n<p data-start=\"3511\" data-end=\"3604\"><strong data-start=\"3511\" data-end=\"3604\">Tests de laboratoire confirmant les normes de biod\u00e9gradation, de d\u00e9sint\u00e9gration et de toxicit\u00e9 des mat\u00e9riaux.<\/strong><\/p>\n<\/li>\n<li data-start=\"3605\" data-end=\"3746\">\n<p data-start=\"3607\" data-end=\"3639\"><strong data-start=\"3607\" data-end=\"3638\">D\u00e9tenir des certifications telles que<\/strong>:<\/p>\n<ul data-start=\"3642\" data-end=\"3746\">\n<li data-start=\"3642\" data-end=\"3664\">\n<p data-start=\"3644\" data-end=\"3664\"><strong data-start=\"3644\" data-end=\"3664\">ASTM D6400 (USA)<\/strong><\/p>\n<\/li>\n<li data-start=\"3667\" data-end=\"3689\">\n<p data-start=\"3669\" data-end=\"3689\"><strong data-start=\"3669\" data-end=\"3689\">EN13432 (Europe)<\/strong><\/p>\n<\/li>\n<li data-start=\"3692\" data-end=\"3720\">\n<p data-start=\"3694\" data-end=\"3720\"><strong data-start=\"3694\" data-end=\"3720\">T\u00dcV Autriche OK Compost<\/strong><\/p>\n<\/li>\n<li data-start=\"3723\" data-end=\"3746\">\n<p data-start=\"3725\" data-end=\"3746\"><strong data-start=\"3725\" data-end=\"3746\">Certification BPI<\/strong><\/p>\n<\/li>\n<\/ul>\n<\/li>\n<\/ul>\n<p data-start=\"3748\" data-end=\"3792\"><strong>Les mat\u00e9riaux compostables \u00e0 privil\u00e9gier sont les suivants<\/strong><\/p>\n<ul data-start=\"3793\" data-end=\"3937\">\n<li data-start=\"3793\" data-end=\"3830\">\n<p data-start=\"3795\" data-end=\"3830\"><strong data-start=\"3795\" data-end=\"3806\">Bagasse<\/strong> (d\u00e9chets de fibres de canne \u00e0 sucre)<\/p>\n<\/li>\n<li data-start=\"3831\" data-end=\"3859\">\n<p data-start=\"3833\" data-end=\"3859\"><strong data-start=\"3833\" data-end=\"3859\">Amidon de ma\u00efs (CPLA, TPS)<\/strong><\/p>\n<\/li>\n<li data-start=\"3860\" data-end=\"3897\">\n<p data-start=\"3862\" data-end=\"3897\"><strong data-start=\"3862\" data-end=\"3897\"><a href=\"https:\/\/www.bioleaderpack.com\/fr\/produit\/gobelets-en-acide-polylactique-gobelets-en-plastique-compostables\/\" target=\"_blank\" rel=\"noopener\" data-wpil-monitor-id=\"1500\">PLA (acide polylactique issu du ma\u00efs)<\/a><\/strong><\/p>\n<\/li>\n<li data-start=\"3898\" data-end=\"3937\">\n<p data-start=\"3900\" data-end=\"3937\"><strong data-start=\"3900\" data-end=\"3937\"><a href=\"https:\/\/www.bioleaderpack.com\/fr\/a-quoi-sert-le-papier-kraft-dans-lemballage\/\" target=\"_blank\" rel=\"noopener\" data-wpil-monitor-id=\"1499\">Papier kraft<\/a> avec des rev\u00eatements naturels<\/strong><\/p>\n<\/li>\n<\/ul>\n<hr data-start=\"3939\" data-end=\"3942\" \/>\n<h2 data-start=\"154\" data-end=\"221\">Comment Bioleader\u00ae favorise la conformit\u00e9 avec l'emballage intelligent<\/h2>\n<p data-start=\"223\" data-end=\"442\">Alors que la Colombie se dirige vers une \u00e9conomie sans plastique, Bioleader\u00ae permet aux entreprises alimentaires, aux d\u00e9taillants et aux institutions de respecter les nouvelles normes de conformit\u00e9 gr\u00e2ce \u00e0 une gamme compl\u00e8te de solutions d'emballage durables. Voici comment :<\/p>\n<h3 data-start=\"444\" data-end=\"485\">\ud83c\udf3f <strong data-start=\"451\" data-end=\"485\">1.<\/strong><a href=\"https:\/\/www.bioleaderpack.com\/fr\/categorie-de-produits\/vaisselle-en-bagasse-de-canne-a-sucre\/\" target=\"_blank\" rel=\"noopener\">Vaisselle en bagasse de canne \u00e0 sucre<\/a><\/h3>\n<ul data-start=\"486\" data-end=\"672\">\n<li data-start=\"486\" data-end=\"569\">\n<p data-start=\"488\" data-end=\"569\">R\u00e9cipients, plateaux, assiettes et autres contenants \u00e0 claire-voie durables <a href=\"https:\/\/www.bioleaderpack.com\/fr\/produit\/bols-en-fibre-compostables-a-base-de-bagasse-de-canne-a-sucre\/\" target=\"_blank\" rel=\"noopener\" data-wpil-monitor-id=\"1498\">bols en fibre de canne \u00e0 sucre<\/a>.<\/p>\n<\/li>\n<li data-start=\"570\" data-end=\"672\">\n<p data-start=\"572\" data-end=\"672\">R\u00e9siste \u00e0 l'huile, passe au micro-ondes et est certifi\u00e9 compostable - id\u00e9al pour les plats \u00e0 emporter, la restauration et les festivals.<\/p>\n<\/li>\n<\/ul>\n<figure id=\"attachment_3749\" aria-describedby=\"caption-attachment-3749\" style=\"width: 500px\" class=\"wp-caption alignnone\"><img decoding=\"async\" class=\"wp-image-3749\" title=\"Bagasse de canne \u00e0 sucre Bo\u00eetes conteneurs \u00e0 emporter\" src=\"https:\/\/www.bioleaderpack.com\/wp-content\/uploads\/2024\/12\/Sugarcane-Bagasse-Takeout-to-Go-Container-Boxes.jpg\" alt=\"Bagasse de canne \u00e0 sucre Bo\u00eetes conteneurs \u00e0 emporter\" width=\"500\" height=\"500\" srcset=\"https:\/\/www.bioleaderpack.com\/wp-content\/uploads\/2024\/12\/Sugarcane-Bagasse-Takeout-to-Go-Container-Boxes.jpg.webp 1000w, https:\/\/www.bioleaderpack.com\/wp-content\/uploads\/2024\/12\/Sugarcane-Bagasse-Takeout-to-Go-Container-Boxes-150x150.jpg.webp 150w, https:\/\/www.bioleaderpack.com\/wp-content\/uploads\/2024\/12\/Sugarcane-Bagasse-Takeout-to-Go-Container-Boxes-300x300.jpg.webp 300w, https:\/\/www.bioleaderpack.com\/wp-content\/uploads\/2024\/12\/Sugarcane-Bagasse-Takeout-to-Go-Container-Boxes-768x768.jpg.webp 768w, https:\/\/www.bioleaderpack.com\/wp-content\/uploads\/2024\/12\/Sugarcane-Bagasse-Takeout-to-Go-Container-Boxes-12x12.jpg.webp 12w, https:\/\/www.bioleaderpack.com\/wp-content\/uploads\/2024\/12\/Sugarcane-Bagasse-Takeout-to-Go-Container-Boxes-600x600.jpg 600w, https:\/\/www.bioleaderpack.com\/wp-content\/uploads\/2024\/12\/Sugarcane-Bagasse-Takeout-to-Go-Container-Boxes-100x100.jpg 100w\" sizes=\"(max-width: 500px) 100vw, 500px\" \/><figcaption id=\"caption-attachment-3749\" class=\"wp-caption-text\">Conteneurs pour bagasse de canne \u00e0 sucre<\/figcaption><\/figure>\n<h3 data-start=\"674\" data-end=\"729\">\ud83e\udd57 <strong data-start=\"681\" data-end=\"729\">2. <\/strong>Saladiers et bo\u00eetes \u00e0 emporter en papier kraft<\/h3>\n<ul data-start=\"730\" data-end=\"1051\">\n<li data-start=\"730\" data-end=\"830\">\n<p data-start=\"732\" data-end=\"830\"><a href=\"https:\/\/www.bioleaderpack.com\/fr\/categorie-de-produits\/bol-a-soupe-en-papier\/\" target=\"_blank\" rel=\"noopener\">Saladiers en kraft brun naturel<\/a> avec couvercles assortis pour les repas frais, les plats froids ou les kits de livraison.<\/p>\n<\/li>\n<li data-start=\"831\" data-end=\"953\">\n<p data-start=\"833\" data-end=\"953\">R\u00e9sistant aux fuites<a href=\"https:\/\/www.bioleaderpack.com\/fr\/produit\/boites-a-emporter-kraft-en-gros\/\" target=\"_blank\" rel=\"noopener\"> bo\u00eetes \u00e0 emporter en papier kraft<\/a> avec couvercle pliable, parfaits pour les food trucks, les caf\u00e9s et la restauration \u00e9v\u00e9nementielle.<\/p>\n<\/li>\n<li data-start=\"954\" data-end=\"1051\">\n<p data-start=\"956\" data-end=\"1051\">Les deux options sont recyclables et compostables, conform\u00e9ment aux d\u00e9finitions de la loi colombienne sur les emballages.<\/p>\n<\/li>\n<\/ul>\n<figure id=\"attachment_3756\" aria-describedby=\"caption-attachment-3756\" style=\"width: 500px\" class=\"wp-caption alignnone\"><img loading=\"lazy\" decoding=\"async\" class=\"wp-image-3756\" title=\"Saladiers Kraft\" src=\"https:\/\/www.bioleaderpack.com\/wp-content\/uploads\/2024\/12\/Kraft-Salad-Bowls.jpg\" alt=\"Saladiers Kraft ronds\" width=\"500\" height=\"500\" srcset=\"https:\/\/www.bioleaderpack.com\/wp-content\/uploads\/2024\/12\/Kraft-Salad-Bowls.jpg.webp 800w, https:\/\/www.bioleaderpack.com\/wp-content\/uploads\/2024\/12\/Kraft-Salad-Bowls-150x150.jpg.webp 150w, https:\/\/www.bioleaderpack.com\/wp-content\/uploads\/2024\/12\/Kraft-Salad-Bowls-300x300.jpg.webp 300w, https:\/\/www.bioleaderpack.com\/wp-content\/uploads\/2024\/12\/Kraft-Salad-Bowls-768x768.jpg.webp 768w, https:\/\/www.bioleaderpack.com\/wp-content\/uploads\/2024\/12\/Kraft-Salad-Bowls-12x12.jpg.webp 12w, https:\/\/www.bioleaderpack.com\/wp-content\/uploads\/2024\/12\/Kraft-Salad-Bowls-600x600.jpg 600w, https:\/\/www.bioleaderpack.com\/wp-content\/uploads\/2024\/12\/Kraft-Salad-Bowls-100x100.jpg 100w\" sizes=\"(max-width: 500px) 100vw, 500px\" \/><figcaption id=\"caption-attachment-3756\" class=\"wp-caption-text\">Saladiers en papier<\/figcaption><\/figure>\n<h3 data-start=\"1053\" data-end=\"1103\">\u267b\ufe0f <strong data-start=\"1060\" data-end=\"1103\">3. <\/strong>Bo\u00eetes et bols \u00e0 bento \u00e0 base de f\u00e9cule de ma\u00efs<\/h3>\n<ul data-start=\"1104\" data-end=\"1269\">\n<li data-start=\"1104\" data-end=\"1192\">\n<p data-start=\"1106\" data-end=\"1192\">R\u00e9sistant \u00e0 la chaleur, <a href=\"https:\/\/www.bioleaderpack.com\/fr\/categorie-de-produits\/boite-a-coquilles-en-amidon-de-mais\/\" target=\"_blank\" rel=\"noopener\">bo\u00eetes \u00e0 lunch compostables en amidon de ma\u00efs<\/a> et des bols ronds moul\u00e9s \u00e0 partir d'amidon v\u00e9g\u00e9tal.<\/p>\n<\/li>\n<li data-start=\"1193\" data-end=\"1269\">\n<p data-start=\"1195\" data-end=\"1269\">Disponibles en formats \u00e0 compartiments pour les sauces et les plats multiples.<\/p>\n<\/li>\n<\/ul>\n<figure id=\"attachment_5175\" aria-describedby=\"caption-attachment-5175\" style=\"width: 500px\" class=\"wp-caption alignnone\"><img loading=\"lazy\" decoding=\"async\" class=\"wp-image-5175\" title=\"Quelle est l&#039;alternative aux r\u00e9cipients en polystyr\u00e8ne pour les repas \u00e0 emporter ?\" src=\"https:\/\/www.bioleaderpack.com\/wp-content\/uploads\/2025\/05\/Take-Out-Cornstarch-Clamshell-Boxes.png\" alt=\"Quelle est l&#039;alternative aux r\u00e9cipients en polystyr\u00e8ne pour les repas \u00e0 emporter ?\" width=\"500\" height=\"500\" srcset=\"https:\/\/www.bioleaderpack.com\/wp-content\/uploads\/2025\/05\/Take-Out-Cornstarch-Clamshell-Boxes.png.webp 1000w, https:\/\/www.bioleaderpack.com\/wp-content\/uploads\/2025\/05\/Take-Out-Cornstarch-Clamshell-Boxes-150x150.png.webp 150w, https:\/\/www.bioleaderpack.com\/wp-content\/uploads\/2025\/05\/Take-Out-Cornstarch-Clamshell-Boxes-300x300.png.webp 300w, https:\/\/www.bioleaderpack.com\/wp-content\/uploads\/2025\/05\/Take-Out-Cornstarch-Clamshell-Boxes-768x768.png.webp 768w, https:\/\/www.bioleaderpack.com\/wp-content\/uploads\/2025\/05\/Take-Out-Cornstarch-Clamshell-Boxes-12x12.png.webp 12w, https:\/\/www.bioleaderpack.com\/wp-content\/uploads\/2025\/05\/Take-Out-Cornstarch-Clamshell-Boxes-600x600.png 600w, https:\/\/www.bioleaderpack.com\/wp-content\/uploads\/2025\/05\/Take-Out-Cornstarch-Clamshell-Boxes-100x100.png 100w\" sizes=\"(max-width: 500px) 100vw, 500px\" \/><figcaption id=\"caption-attachment-5175\" class=\"wp-caption-text\">Quelle est l'alternative aux r\u00e9cipients en polystyr\u00e8ne pour les repas \u00e0 emporter ?<\/figcaption><\/figure>\n<h3 data-start=\"1271\" data-end=\"1309\">\ud83d\udd2a <strong data-start=\"1278\" data-end=\"1309\">4. <\/strong><a href=\"https:\/\/www.bioleaderpack.com\/fr\/categorie-de-produits\/couverts-biodegradables-compostables\/\" target=\"_blank\" rel=\"noopener\">Couverts compostables en CPLA<\/a><\/h3>\n<ul data-start=\"1310\" data-end=\"1450\">\n<li data-start=\"1310\" data-end=\"1385\">\n<p data-start=\"1312\" data-end=\"1385\">Couteaux, fourchettes et cuill\u00e8res certifi\u00e9s pour le commerce de d\u00e9tail et les services institutionnels.<\/p>\n<\/li>\n<li data-start=\"1386\" data-end=\"1450\">\n<p data-start=\"1388\" data-end=\"1450\">Performance \u00e0 haute temp\u00e9rature avec label de compostabilit\u00e9 T\u00dcV ou BPI.<\/p>\n<\/li>\n<\/ul>\n<figure id=\"attachment_5829\" aria-describedby=\"caption-attachment-5829\" style=\"width: 500px\" class=\"wp-caption alignnone\"><img loading=\"lazy\" decoding=\"async\" class=\"wp-image-5829\" title=\"100 Couverts en amidon de ma\u00efs compostables 1\" src=\"https:\/\/www.bioleaderpack.com\/wp-content\/uploads\/2025\/06\/100-Compostable-Cornstarch-Cutlery-1.jpg\" alt=\"100 Couverts en amidon de ma\u00efs compostables 1\" width=\"500\" height=\"500\" srcset=\"https:\/\/www.bioleaderpack.com\/wp-content\/uploads\/2025\/06\/100-Compostable-Cornstarch-Cutlery-1.jpg.webp 679w, https:\/\/www.bioleaderpack.com\/wp-content\/uploads\/2025\/06\/100-Compostable-Cornstarch-Cutlery-1-300x300.jpg.webp 300w, https:\/\/www.bioleaderpack.com\/wp-content\/uploads\/2025\/06\/100-Compostable-Cornstarch-Cutlery-1-100x100.jpg 100w, https:\/\/www.bioleaderpack.com\/wp-content\/uploads\/2025\/06\/100-Compostable-Cornstarch-Cutlery-1-600x600.jpg 600w, https:\/\/www.bioleaderpack.com\/wp-content\/uploads\/2025\/06\/100-Compostable-Cornstarch-Cutlery-1-150x150.jpg.webp 150w, https:\/\/www.bioleaderpack.com\/wp-content\/uploads\/2025\/06\/100-Compostable-Cornstarch-Cutlery-1-12x12.jpg.webp 12w\" sizes=\"(max-width: 500px) 100vw, 500px\" \/><figcaption id=\"caption-attachment-5829\" class=\"wp-caption-text\">100 Couverts en amidon de ma\u00efs compostables 1<\/figcaption><\/figure>\n<h3 data-start=\"1452\" data-end=\"1486\">\ud83e\uddcb 5. Pailles en PLA et en papier<\/h3>\n<ul data-start=\"1487\" data-end=\"1625\">\n<li data-start=\"1487\" data-end=\"1536\">\n<p data-start=\"1489\" data-end=\"1536\">Pailles en PLA id\u00e9ales pour les boissons froides et les smoothies.<\/p>\n<\/li>\n<li data-start=\"1537\" data-end=\"1625\">\n<p data-start=\"1539\" data-end=\"1625\">Pailles en papier non blanchi, de couleur naturelle, pour la restauration quotidienne ou les r\u00e9glementations gouvernementales.<\/p>\n<\/li>\n<\/ul>\n<figure id=\"attachment_5755\" aria-describedby=\"caption-attachment-5755\" style=\"width: 500px\" class=\"wp-caption alignnone\"><img loading=\"lazy\" decoding=\"async\" class=\"wp-image-5755\" title=\"Paille PLA\" src=\"https:\/\/www.bioleaderpack.com\/wp-content\/uploads\/2025\/06\/PLA-Straw.jpg\" alt=\"Paille PLA\" width=\"500\" height=\"500\" srcset=\"https:\/\/www.bioleaderpack.com\/wp-content\/uploads\/2025\/06\/PLA-Straw.jpg.webp 750w, https:\/\/www.bioleaderpack.com\/wp-content\/uploads\/2025\/06\/PLA-Straw-300x300.jpg.webp 300w, https:\/\/www.bioleaderpack.com\/wp-content\/uploads\/2025\/06\/PLA-Straw-100x100.jpg 100w, https:\/\/www.bioleaderpack.com\/wp-content\/uploads\/2025\/06\/PLA-Straw-600x600.jpg 600w, https:\/\/www.bioleaderpack.com\/wp-content\/uploads\/2025\/06\/PLA-Straw-150x150.jpg.webp 150w, https:\/\/www.bioleaderpack.com\/wp-content\/uploads\/2025\/06\/PLA-Straw-12x12.jpg.webp 12w\" sizes=\"(max-width: 500px) 100vw, 500px\" \/><figcaption id=\"caption-attachment-5755\" class=\"wp-caption-text\">Paille PLA<\/figcaption><\/figure>\n<h3 data-start=\"1627\" data-end=\"1681\">\ud83d\udce6 6. Custom Branding et exportations vers l'Am\u00e9rique latine<\/h3>\n<ul data-start=\"1682\" data-end=\"1998\">\n<li data-start=\"1682\" data-end=\"1785\">\n<p data-start=\"1684\" data-end=\"1785\">Bioleader\u00ae propose un \u00e9tiquetage priv\u00e9, un emballage pr\u00eat \u00e0 la vente et une documentation en espagnol et en anglais.<\/p>\n<\/li>\n<li data-start=\"1786\" data-end=\"1913\">\n<p data-start=\"1788\" data-end=\"1913\">Tous les produits sont soutenus par des certifications mondialement reconnues, notamment OK Compost, EN13432 et les rapports SGS sur le contact alimentaire.<\/p>\n<\/li>\n<li data-start=\"1914\" data-end=\"1998\">\n<p data-start=\"1916\" data-end=\"1998\">Un traitement fiable des commandes en vrac avec une capacit\u00e9 d'exportation d\u00e9douan\u00e9e vers l'Am\u00e9rique latine.<\/p>\n<\/li>\n<\/ul>\n<figure id=\"attachment_4857\" aria-describedby=\"caption-attachment-4857\" style=\"width: 1500px\" class=\"wp-caption alignnone\"><img loading=\"lazy\" decoding=\"async\" class=\"wp-image-4857 size-full\" title=\"Certificats Bioleader\" src=\"https:\/\/www.bioleaderpack.com\/wp-content\/uploads\/2025\/04\/Bioleader-Certificates.jpg\" alt=\"Certificats Bioleader\" width=\"1500\" height=\"563\" srcset=\"https:\/\/www.bioleaderpack.com\/wp-content\/uploads\/2025\/04\/Bioleader-Certificates.jpg.webp 1500w, https:\/\/www.bioleaderpack.com\/wp-content\/uploads\/2025\/04\/Bioleader-Certificates-600x225.jpg 600w, https:\/\/www.bioleaderpack.com\/wp-content\/uploads\/2025\/04\/Bioleader-Certificates-300x113.jpg.webp 300w, https:\/\/www.bioleaderpack.com\/wp-content\/uploads\/2025\/04\/Bioleader-Certificates-1024x384.jpg.webp 1024w, https:\/\/www.bioleaderpack.com\/wp-content\/uploads\/2025\/04\/Bioleader-Certificates-768x288.jpg.webp 768w, https:\/\/www.bioleaderpack.com\/wp-content\/uploads\/2025\/04\/Bioleader-Certificates-18x7.jpg.webp 18w\" sizes=\"(max-width: 1500px) 100vw, 1500px\" \/><figcaption id=\"caption-attachment-4857\" class=\"wp-caption-text\">Certificats Bioleader<\/figcaption><\/figure>\n<hr data-start=\"5193\" data-end=\"5196\" \/>\n<h2 data-start=\"5198\" data-end=\"5279\">Se pr\u00e9parer pour 2030 - Ce que les vendeurs, les distributeurs et les exportateurs doivent faire maintenant<\/h2>\n<p data-start=\"5281\" data-end=\"5368\">L'\u00e9ch\u00e9ance de 2024 n'est que le premier point de contr\u00f4le. Pour se pr\u00e9parer \u00e0 2030, les entreprises doivent<\/p>\n<ul data-start=\"5370\" data-end=\"5936\">\n<li data-start=\"5370\" data-end=\"5504\">\n<p data-start=\"5372\" data-end=\"5504\"><strong data-start=\"5372\" data-end=\"5410\">Audit de l'inventaire des emballages existants<\/strong><br data-start=\"5410\" data-end=\"5413\" \/>Remplacez tous les produits en plastique par des produits recyclables, r\u00e9utilisables ou compostables.<\/p>\n<\/li>\n<li data-start=\"5506\" data-end=\"5674\">\n<p data-start=\"5508\" data-end=\"5674\"><strong data-start=\"5508\" data-end=\"5547\">S'approvisionner aupr\u00e8s de fabricants certifi\u00e9s<\/strong><br data-start=\"5547\" data-end=\"5550\" \/>Choisissez des fournisseurs qui offrent une documentation et des certifications internationales (par exemple, les rapports T\u00dcV, BPI, FDA, SGS de Bioleader\u00ae).<\/p>\n<\/li>\n<li data-start=\"5676\" data-end=\"5794\">\n<p data-start=\"5678\" data-end=\"5794\"><strong data-start=\"5678\" data-end=\"5712\">Sensibilisez vos clients et votre personnel<\/strong><br data-start=\"5712\" data-end=\"5715\" \/>Int\u00e9grez l'utilisation de produits compostables dans les messages de votre marque sur le d\u00e9veloppement durable.<\/p>\n<\/li>\n<li data-start=\"5796\" data-end=\"5936\">\n<p data-start=\"5798\" data-end=\"5936\"><strong data-start=\"5798\" data-end=\"5847\">Adapter l'infrastructure pour l'\u00e9limination des d\u00e9chets compostables<\/strong><br data-start=\"5847\" data-end=\"5850\" \/>\u00c9tablir des partenariats avec des fournisseurs de compostage ou lancer des programmes pilotes internes, le cas \u00e9ch\u00e9ant.<\/p>\n<\/li>\n<\/ul>\n<hr data-start=\"5938\" data-end=\"5941\" \/>\n<h2 data-start=\"5943\" data-end=\"5988\">FAQ<\/h2>\n<p data-start=\"5990\" data-end=\"6113\"><strong>1. Qu'est-ce qui est interdit en juillet 2024 ?<\/strong><br data-start=\"6033\" data-end=\"6036\" \/>Sacs en plastique, pailles, couverts, assiettes, r\u00e9cipients alimentaires en polystyr\u00e8ne, etc.<\/p>\n<p data-start=\"6115\" data-end=\"6260\"><strong data-start=\"6115\" data-end=\"6173\">2. Les articles compostables sont-ils consid\u00e9r\u00e9s comme conformes \u00e0 la l\u00e9gislation ?<\/strong><br data-start=\"6173\" data-end=\"6176\" \/>Oui, s'ils sont certifi\u00e9s par des normes internationales (ASTM D6400, EN13432, etc.).<\/p>\n<p data-start=\"6262\" data-end=\"6392\"><strong data-start=\"6262\" data-end=\"6314\">3. Quelles sont les certifications accept\u00e9es en Colombie ?<\/strong><br data-start=\"6314\" data-end=\"6317\" \/>T\u00dcV Austria OK Compost, BPI, EN13432 et autres labels mondialement reconnus.<\/p>\n<p data-start=\"6394\" data-end=\"6540\"><strong data-start=\"6394\" data-end=\"6460\">4. Les fournisseurs internationaux peuvent-ils vendre \u00e0 des distributeurs colombiens ?<\/strong><br data-start=\"6460\" data-end=\"6463\" \/>Oui, si les produits r\u00e9pondent aux exigences colombiennes en mati\u00e8re de biod\u00e9gradabilit\u00e9 et de s\u00e9curit\u00e9.<\/p>\n<p data-start=\"6542\" data-end=\"6712\"><strong data-start=\"6542\" data-end=\"6590\">5. Que doivent faire les marques pour se pr\u00e9parer \u00e0 l'horizon 2030 ?<\/strong><br data-start=\"6590\" data-end=\"6593\" \/>Commencez la transition d\u00e8s maintenant. \u00c9tablissez des relations avec les fournisseurs, mettez \u00e0 jour les formats d'emballage et alignez-vous sur les nouvelles d\u00e9finitions l\u00e9gales.<\/p>\n<hr data-start=\"6714\" data-end=\"6717\" \/>\n<h2 data-start=\"6719\" data-end=\"6783\">Conclusion - Une opportunit\u00e9 verte pour ceux qui s'y prennent t\u00f4t<\/h2>\n<p data-start=\"6785\" data-end=\"6919\">La Colombie ne se contente pas d'\u00e9liminer progressivement le plastique, elle ouvre la voie \u00e0 une nouvelle \u00e9conomie fond\u00e9e sur le d\u00e9veloppement durable. <strong data-start=\"6871\" data-end=\"6918\">des emballages intelligents, compostables et certifi\u00e9s<\/strong>.<\/p>\n<p data-start=\"6921\" data-end=\"7134\">Pour les entreprises alimentaires, les municipalit\u00e9s et les exportateurs mondiaux, cette politique marque un tournant. Il ne s'agit plus seulement d'avoir l'air respectueux de l'environnement, mais aussi de respecter les normes l\u00e9gales gr\u00e2ce \u00e0 des solutions durables qui fonctionnent.<\/p>\n<p data-start=\"7136\" data-end=\"7299\"><strong data-start=\"7136\" data-end=\"7187\">Bioleader\u00ae est pr\u00eat \u00e0 mener cette transition<\/strong>qui propose des emballages compostables fonctionnels, conformes et \u00e9volutifs pour le march\u00e9 colombien et au-del\u00e0.<\/p>\n<hr \/>\n<h2 data-start=\"763\" data-end=\"787\">R\u00e9f\u00e9rences<\/h2>\n<ol data-start=\"789\" data-end=\"1881\">\n<li data-start=\"789\" data-end=\"951\">\n<p data-start=\"792\" data-end=\"951\"><strong data-start=\"792\" data-end=\"858\">Minist\u00e8re de l'environnement et du d\u00e9veloppement durable (Colombie)<\/strong><br data-start=\"858\" data-end=\"861\" \/><em data-start=\"864\" data-end=\"914\">Loi 2232 : Interdiction des plastiques \u00e0 usage unique en Colombie<\/em><br data-start=\"914\" data-end=\"917\" \/>https:\/\/www.minambiente.gov.co\/<\/p>\n<\/li>\n<li data-start=\"953\" data-end=\"1105\">\n<p data-start=\"956\" data-end=\"1105\"><strong data-start=\"956\" data-end=\"980\">El Tiempo (Colombie)<\/strong><br data-start=\"980\" data-end=\"983\" \/><em data-start=\"986\" data-end=\"1055\">Ce que pr\u00e9voit la nouvelle loi sur les plastiques \u00e0 usage unique en Colombie<\/em><br data-start=\"1055\" data-end=\"1058\" \/><a class=\"cursor-pointer\" target=\"_new\" rel=\"noopener\" data-start=\"1061\" data-end=\"1105\">https:\/\/www.eltiempo.com\/vida\/medio-ambiente<\/a><\/p>\n<\/li>\n<li data-start=\"1107\" data-end=\"1264\">\n<p data-start=\"1110\" data-end=\"1264\"><strong data-start=\"1110\" data-end=\"1118\">OCDE<\/strong><br data-start=\"1118\" data-end=\"1121\" \/><em data-start=\"1124\" data-end=\"1188\">Plastiques \u00e0 usage unique et environnement : Perspectives pour l'Am\u00e9rique latine<\/em><br data-start=\"1188\" data-end=\"1191\" \/><a class=\"cursor-pointer\" target=\"_new\" rel=\"noopener\" data-start=\"1194\" data-end=\"1264\">https:\/\/www.oecd.org\/environment\/single-use-plastics-latin-america.htm<\/a><\/p>\n<\/li>\n<li data-start=\"1266\" data-end=\"1462\">\n<p data-start=\"1269\" data-end=\"1462\"><strong data-start=\"1269\" data-end=\"1316\">Programme des Nations unies pour l'environnement (PNUE)<\/strong><br data-start=\"1316\" data-end=\"1319\" \/><em data-start=\"1322\" data-end=\"1382\">Pollution plastique en Am\u00e9rique latine : Solutions et d\u00e9fis<\/em><br data-start=\"1382\" data-end=\"1385\" \/><a class=\"cursor-pointer\" target=\"_new\" rel=\"noopener\" data-start=\"1388\" data-end=\"1462\">https:\/\/www.unep.org\/resources\/report\/beat-plastic-pollution-latin-america<\/a><\/p>\n<\/li>\n<li data-start=\"1464\" data-end=\"1632\">\n<p data-start=\"1467\" data-end=\"1632\"><strong data-start=\"1467\" data-end=\"1491\">Forum \u00e9conomique mondial<\/strong><br data-start=\"1491\" data-end=\"1494\" \/><em data-start=\"1497\" data-end=\"1542\">Les emballages compostables sont l'avenir de l'alimentation<\/em><br data-start=\"1542\" data-end=\"1545\" \/><a class=\"cursor-pointer\" target=\"_new\" rel=\"noopener\" data-start=\"1548\" data-end=\"1632\">https:\/\/www.weforum.org\/agenda\/2023\/06\/compostable-food-packaging-plastic-pollution\/<\/a><\/p>\n<\/li>\n<li data-start=\"1634\" data-end=\"1752\">\n<p data-start=\"1637\" data-end=\"1752\"><strong data-start=\"1637\" data-end=\"1650\">Wikipedia (en anglais)<\/strong><br data-start=\"1650\" data-end=\"1653\" \/><em data-start=\"1656\" data-end=\"1687\">Pollution plastique en Colombie<\/em><br data-start=\"1687\" data-end=\"1690\" \/>https:\/\/en.wikipedia.org\/wiki\/Plastic_pollution_in_Colombia<\/p>\n<\/li>\n<li data-start=\"1754\" data-end=\"1881\">\n<p data-start=\"1757\" data-end=\"1881\"><strong data-start=\"1757\" data-end=\"1788\">Site officiel de Bioleader<\/strong><br data-start=\"1788\" data-end=\"1791\" \/><em data-start=\"1794\" data-end=\"1845\">Emballages compostables certifi\u00e9s pour l'Am\u00e9rique latine<\/em><br data-start=\"1845\" data-end=\"1848\" \/>https:\/\/www.bioleaderpack.com\/<\/p>\n<\/li>\n<\/ol>\n<p><script type=\"application\/ld+json\">{\n    \"@context\": \"https:\\\/\\\/schema.org\",\n    \"@type\": \"FAQPage\",\n    \"mainEntity\": [\n        {\n            \"@type\": \"Question\",\n            \"name\": \"What exactly is banned in July 2024?\",\n            \"acceptedAnswer\": {\n                \"@type\": \"Answer\",\n                \"text\": \"Plastic bags, straws, cutlery, plates, polystyrene food containers, and more.\"\n            }\n        },\n        {\n            \"@type\": \"Question\",\n            \"name\": \"Are compostable items considered legally compliant?\",\n            \"acceptedAnswer\": {\n                \"@type\": \"Answer\",\n                \"text\": \"Yes\\u2014if they are certified under international standards (ASTM D6400, EN13432, etc.).\"\n            }\n        },\n        {\n            \"@type\": \"Question\",\n            \"name\": \"What certifications are accepted in Colombia?\",\n            \"acceptedAnswer\": {\n                \"@type\": \"Answer\",\n                \"text\": \"T\\u00dcV Austria OK Compost, BPI, EN13432, and other globally recognized labels.\"\n            }\n        },\n        {\n            \"@type\": \"Question\",\n            \"name\": \"Can international suppliers sell to Colombian distributors?\",\n            \"acceptedAnswer\": {\n                \"@type\": \"Answer\",\n                \"text\": \"Yes, if the products meet Colombian biodegradability and safety requirements.\"\n            }\n        },\n        {\n            \"@type\": \"Question\",\n            \"name\": \"What should brands do to prepare by 2030?\",\n            \"acceptedAnswer\": {\n                \"@type\": \"Answer\",\n                \"text\": \"Begin the transition now. Build supplier relationships, update packaging formats, and align with new legal definitions.\"\n            }\n        }\n    ]\n}<\/script><\/p>\n<style>\r\n.lwrp.link-whisper-related-posts{\r\n            \r\n            margin-top: 40px;\nmargin-bottom: 30px;\r\n        }\r\n        .lwrp .lwrp-title{\r\n            \r\n            \r\n        }.lwrp .lwrp-description{\r\n            \r\n            \r\n\r\n        }\r\n        .lwrp .lwrp-list-container{\r\n        }\r\n        .lwrp .lwrp-list-multi-container{\r\n            display: flex;\r\n        }\r\n        .lwrp .lwrp-list-double{\r\n            width: 48%;\r\n        }\r\n        .lwrp .lwrp-list-triple{\r\n            width: 32%;\r\n        }\r\n        .lwrp .lwrp-list-row-container{\r\n            display: flex;\r\n            justify-content: space-between;\r\n        }\r\n        .lwrp .lwrp-list-row-container .lwrp-list-item{\r\n            width: calc(100% - 20px);\r\n        }\r\n        .lwrp .lwrp-list-item:not(.lwrp-no-posts-message-item){\r\n            \r\n            max-width: 150px;\r\n        }\r\n        .lwrp .lwrp-list-item img{\r\n            max-width: 100%;\r\n            height: auto;\r\n            object-fit: cover;\r\n            aspect-ratio: 1 \/ 1;\r\n        }\r\n        .lwrp .lwrp-list-item.lwrp-empty-list-item{\r\n            background: initial !important;\r\n        }\r\n        .lwrp .lwrp-list-item .lwrp-list-link .lwrp-list-link-title-text,\r\n        .lwrp .lwrp-list-item .lwrp-list-no-posts-message{\r\n            \r\n            \r\n            \r\n            \r\n        }@media screen and (max-width: 480px) {\r\n            .lwrp.link-whisper-related-posts{\r\n                \r\n                \r\n            }\r\n            .lwrp .lwrp-title{\r\n                \r\n                \r\n            }.lwrp .lwrp-description{\r\n                \r\n                \r\n            }\r\n            .lwrp .lwrp-list-multi-container{\r\n                flex-direction: column;\r\n            }\r\n            .lwrp .lwrp-list-multi-container ul.lwrp-list{\r\n                margin-top: 0px;\r\n                margin-bottom: 0px;\r\n                padding-top: 0px;\r\n                padding-bottom: 0px;\r\n            }\r\n            .lwrp .lwrp-list-double,\r\n            .lwrp .lwrp-list-triple{\r\n                width: 100%;\r\n            }\r\n            .lwrp .lwrp-list-row-container{\r\n                justify-content: initial;\r\n                flex-direction: column;\r\n            }\r\n            .lwrp .lwrp-list-row-container .lwrp-list-item{\r\n                width: 100%;\r\n            }\r\n            .lwrp .lwrp-list-item:not(.lwrp-no-posts-message-item){\r\n                \r\n                max-width: initial;\r\n            }\r\n            .lwrp .lwrp-list-item .lwrp-list-link .lwrp-list-link-title-text,\r\n            .lwrp .lwrp-list-item .lwrp-list-no-posts-message{\r\n                \r\n                \r\n                \r\n                \r\n            };\r\n        }<\/style>\r\n<div id=\"link-whisper-related-posts-widget\" class=\"link-whisper-related-posts lwrp\">\r\n            <h3 class=\"lwrp-title\">Informations connexes<\/h3>    \r\n        <div class=\"lwrp-list-container\">\r\n                                            <div class=\"lwrp-list-multi-container\">\r\n                    <ul class=\"lwrp-list lwrp-list-triple lwrp-list-left\">\r\n                        <li class=\"lwrp-list-item\"><a href=\"https:\/\/www.bioleaderpack.com\/fr\/comment-la-boite-a-coquilles-en-amidon-de-mais-sest-brisee\/\" class=\"lwrp-list-link\"><img width=\"480\" height=\"480\" src=\"https:\/\/www.bioleaderpack.com\/wp-content\/uploads\/2024\/10\/Cornstarch-Clamshell-Box-1-600x600.png\" class=\"attachment-480x480 size-480x480 wp-post-image\" alt=\"Bo\u00eete en amidon de ma\u00efs\" srcset=\"https:\/\/www.bioleaderpack.com\/wp-content\/uploads\/2024\/10\/Cornstarch-Clamshell-Box-1-600x600.png 600w, https:\/\/www.bioleaderpack.com\/wp-content\/uploads\/2024\/10\/Cornstarch-Clamshell-Box-1-12x12.png 12w, https:\/\/www.bioleaderpack.com\/wp-content\/uploads\/2024\/10\/Cornstarch-Clamshell-Box-1-150x150.png.webp 150w, https:\/\/www.bioleaderpack.com\/wp-content\/uploads\/2024\/10\/Cornstarch-Clamshell-Box-1-300x300.png.webp 300w, https:\/\/www.bioleaderpack.com\/wp-content\/uploads\/2024\/10\/Cornstarch-Clamshell-Box-1-768x768.png.webp 768w, https:\/\/www.bioleaderpack.com\/wp-content\/uploads\/2024\/10\/Cornstarch-Clamshell-Box-1-100x100.png 100w, https:\/\/www.bioleaderpack.com\/wp-content\/uploads\/2024\/10\/Cornstarch-Clamshell-Box-1.png.webp 1000w\" sizes=\"(max-width: 480px) 100vw, 480px\" \/><br><span class=\"lwrp-list-link-title-text\">Comment une bo\u00eete \u00e0 coquilles en amidon de ma\u00efs s'est bris\u00e9e<\/span><\/a><\/li>                    <\/ul>\r\n                    <ul class=\"lwrp-list lwrp-list-triple lwrp-list-center\">\r\n                        <li class=\"lwrp-list-item\"><a href=\"https:\/\/www.bioleaderpack.com\/fr\/la-scene-culinaire-americaine-de-2025-ou-le-confort-rencontre-une-alimentation-consciente\/\" class=\"lwrp-list-link\"><img width=\"480\" height=\"480\" src=\"https:\/\/www.bioleaderpack.com\/wp-content\/uploads\/2025\/05\/The-2025-Food-Scene-in-America-Where-Comfort-Meets-Conscious-Eating-600x600.png\" class=\"attachment-480x480 size-480x480 wp-post-image\" alt=\"La sc\u00e8ne culinaire am\u00e9ricaine de 2025\u00a0: o\u00f9 le confort rencontre une alimentation responsable\" srcset=\"https:\/\/www.bioleaderpack.com\/wp-content\/uploads\/2025\/05\/The-2025-Food-Scene-in-America-Where-Comfort-Meets-Conscious-Eating-600x600.png 600w, https:\/\/www.bioleaderpack.com\/wp-content\/uploads\/2025\/05\/The-2025-Food-Scene-in-America-Where-Comfort-Meets-Conscious-Eating-150x150.png.webp 150w, https:\/\/www.bioleaderpack.com\/wp-content\/uploads\/2025\/05\/The-2025-Food-Scene-in-America-Where-Comfort-Meets-Conscious-Eating-300x300.png.webp 300w, https:\/\/www.bioleaderpack.com\/wp-content\/uploads\/2025\/05\/The-2025-Food-Scene-in-America-Where-Comfort-Meets-Conscious-Eating-768x768.png 768w, https:\/\/www.bioleaderpack.com\/wp-content\/uploads\/2025\/05\/The-2025-Food-Scene-in-America-Where-Comfort-Meets-Conscious-Eating-12x12.png 12w, https:\/\/www.bioleaderpack.com\/wp-content\/uploads\/2025\/05\/The-2025-Food-Scene-in-America-Where-Comfort-Meets-Conscious-Eating-100x100.png 100w, https:\/\/www.bioleaderpack.com\/wp-content\/uploads\/2025\/05\/The-2025-Food-Scene-in-America-Where-Comfort-Meets-Conscious-Eating.png.webp 1024w\" sizes=\"(max-width: 480px) 100vw, 480px\" \/><br><span class=\"lwrp-list-link-title-text\">La sc\u00e8ne culinaire am\u00e9ricaine en 2025\u00a0: o\u00f9 le confort rencontre une alimentation responsable<\/span><\/a><\/li>                    <\/ul>\r\n                    <ul class=\"lwrp-list lwrp-list-triple lwrp-list-right\">\r\n                        <li class=\"lwrp-list-item\"><a href=\"https:\/\/www.bioleaderpack.com\/fr\/quels-sont-les-avantages-de-la-vaisselle-biodegradable\/\" class=\"lwrp-list-link\"><img width=\"480\" height=\"480\" src=\"https:\/\/www.bioleaderpack.com\/wp-content\/uploads\/2024\/06\/image-5-600x600.png\" class=\"attachment-480x480 size-480x480 wp-post-image\" alt=\"Quels sont les avantages de la vaisselle biod\u00e9gradable ?\" srcset=\"https:\/\/www.bioleaderpack.com\/wp-content\/uploads\/2024\/06\/image-5-600x600.png 600w, https:\/\/www.bioleaderpack.com\/wp-content\/uploads\/2024\/06\/image-5-12x12.png 12w, https:\/\/www.bioleaderpack.com\/wp-content\/uploads\/2024\/06\/image-5-150x150.png.webp 150w, https:\/\/www.bioleaderpack.com\/wp-content\/uploads\/2024\/06\/image-5-300x300.png.webp 300w, https:\/\/www.bioleaderpack.com\/wp-content\/uploads\/2024\/06\/image-5-768x768.png.webp 768w, https:\/\/www.bioleaderpack.com\/wp-content\/uploads\/2024\/06\/image-5-1024x1024.png.webp 1024w, https:\/\/www.bioleaderpack.com\/wp-content\/uploads\/2024\/06\/image-5-100x100.png 100w, https:\/\/www.bioleaderpack.com\/wp-content\/uploads\/2024\/06\/image-5.png.webp 1080w\" sizes=\"(max-width: 480px) 100vw, 480px\" \/><br><span class=\"lwrp-list-link-title-text\">Quels sont les avantages de la vaisselle biod\u00e9gradable ?<\/span><\/a><\/li>                    <\/ul>\r\n                <\/div>\r\n                        <\/div>\r\n<\/div>","protected":false},"excerpt":{"rendered":"<p>La Colombie fait un pas audacieux vers un avenir sans plastique Dans le cadre d'une initiative ambitieuse qui la place en t\u00eate de nombreux pays de la r\u00e9gion, la Colombie s'appr\u00eate \u00e0 appliquer une interdiction de grande envergure des plastiques \u00e0 usage unique \u00e0 compter du 7 juillet 2024. Cette l\u00e9gislation fera de la Colombie l'un des pays les plus progressistes d'Am\u00e9rique latine en mati\u00e8re de lutte contre la pollution plastique. [...]<\/p>","protected":false},"author":3,"featured_media":5827,"comment_status":"closed","ping_status":"closed","sticky":false,"template":"","format":"standard","meta":{"_acf_changed":false,"footnotes":""},"categories":[9375,480,479],"tags":[6068,6072,6067,6073,3780,6069,6070,6071,6075,6074],"class_list":["post-5826","post","type-post","status-publish","format-standard","has-post-thumbnail","hentry","category-compliance-regulatory-hub","category-industry-knowledge","category-blog","tag-bagasse-food-container-supplier","tag-biodegradable-takeaway-box","tag-colombia-plastic-ban-2024","tag-colombian-food-packaging-regulations","tag-compostable-packaging-manufacturer","tag-cpla-cutlery-wholesale","tag-eco-friendly-tableware-exporter","tag-kraft-salad-bowl-manufacturer","tag-latin-america-compostable-packaging","tag-sugarcane-tableware-factory"],"acf":[],"_links":{"self":[{"href":"https:\/\/www.bioleaderpack.com\/fr\/wp-json\/wp\/v2\/posts\/5826","targetHints":{"allow":["GET"]}}],"collection":[{"href":"https:\/\/www.bioleaderpack.com\/fr\/wp-json\/wp\/v2\/posts"}],"about":[{"href":"https:\/\/www.bioleaderpack.com\/fr\/wp-json\/wp\/v2\/types\/post"}],"author":[{"embeddable":true,"href":"https:\/\/www.bioleaderpack.com\/fr\/wp-json\/wp\/v2\/users\/3"}],"replies":[{"embeddable":true,"href":"https:\/\/www.bioleaderpack.com\/fr\/wp-json\/wp\/v2\/comments?post=5826"}],"version-history":[{"count":1,"href":"https:\/\/www.bioleaderpack.com\/fr\/wp-json\/wp\/v2\/posts\/5826\/revisions"}],"predecessor-version":[{"id":23519,"href":"https:\/\/www.bioleaderpack.com\/fr\/wp-json\/wp\/v2\/posts\/5826\/revisions\/23519"}],"wp:featuredmedia":[{"embeddable":true,"href":"https:\/\/www.bioleaderpack.com\/fr\/wp-json\/wp\/v2\/media\/5827"}],"wp:attachment":[{"href":"https:\/\/www.bioleaderpack.com\/fr\/wp-json\/wp\/v2\/media?parent=5826"}],"wp:term":[{"taxonomy":"category","embeddable":true,"href":"https:\/\/www.bioleaderpack.com\/fr\/wp-json\/wp\/v2\/categories?post=5826"},{"taxonomy":"post_tag","embeddable":true,"href":"https:\/\/www.bioleaderpack.com\/fr\/wp-json\/wp\/v2\/tags?post=5826"}],"curies":[{"name":"wp","href":"https:\/\/api.w.org\/{rel}","templated":true}]}}